{"id":64,"count":7,"description":"Le syst\u00e8me cordon-tige est utilis\u00e9 pour orienter et relever les lames ou panneaux, notamment sur les stores v\u00e9nitiens ou \u00e0 bandes verticales. Il offre un double contr\u00f4le pr\u00e9cis tout en conservant un design fonctionnel, id\u00e9al pour les projets tertiaires ou collectifs.","link":"https:\/\/www.subdeco.com\/bati\/manoeuvre\/cordon-tige\/","name":"Cordon-Tige","slug":"cordon-tige","taxonomy":"manoeuvre","parent":0,"meta":[],"yoast_head":"<!-- This site is optimized with the Yoast SEO plugin v26.9 - https:\/\/yoast.com\/product\/yoast-seo-wordpress\/ -->\n<title>Stores \u00e0 man\u0153uvre Cordon-Tige | SubD\u00e9co B\u00e2ti<\/title>\n<meta name=\"description\" content=\"Le syst\u00e8me cordon-tige est utilis\u00e9 pour orienter et relever les lames ou panneaux, notamment sur les stores v\u00e9nitiens ou \u00e0 bandes verticales. Il offre un double contr\u00f4le pr\u00e9cis tout en conservant un design fonctionnel, id\u00e9al pour les projets tertiaires ou collectifs.\" \/>\n<meta name=\"robots\" content=\"index, follow, max-snippet:-1, max-image-preview:large, max-video-preview:-1\" \/>\n<link rel=\"canonical\" href=\"https:\/\/www.subdeco.com\/bati\/manoeuvre\/cordon-tige\/\" \/>\n<meta property=\"og:locale\" content=\"fr_FR\" \/>\n<meta property=\"og:type\" content=\"article\" \/>\n<meta property=\"og:title\" content=\"Stores \u00e0 man\u0153uvre Cordon-Tige | SubD\u00e9co B\u00e2ti\" \/>\n<meta property=\"og:description\" content=\"Le syst\u00e8me cordon-tige est utilis\u00e9 pour orienter et relever les lames ou panneaux, notamment sur les stores v\u00e9nitiens ou \u00e0 bandes verticales. Il offre un double contr\u00f4le pr\u00e9cis tout en conservant un design fonctionnel, id\u00e9al pour les projets tertiaires ou collectifs.\" \/>\n<meta property=\"og:url\" content=\"https:\/\/www.subdeco.com\/bati\/manoeuvre\/cordon-tige\/\" \/>\n<meta property=\"og:site_name\" content=\"Subd\u00e9co - B\u00e2ti\" \/>\n<meta property=\"og:image\" content=\"https:\/\/www.subdeco.com\/bati\/wp-content\/uploads\/sites\/2\/2021\/02\/shutterstock_236721541-comp.jpg\" \/>\n\t<meta property=\"og:image:width\" content=\"1500\" \/>\n\t<meta property=\"og:image:height\" content=\"1000\" \/>\n\t<meta property=\"og:image:type\" content=\"image\/jpeg\" \/>\n<meta name=\"twitter:card\" content=\"summary_large_image\" \/>\n<script type=\"application\/ld+json\" class=\"yoast-schema-graph\">{\"@context\":\"https:\/\/schema.org\",\"@graph\":[{\"@type\":\"CollectionPage\",\"@id\":\"https:\/\/www.subdeco.com\/bati\/manoeuvre\/cordon-tige\/\",\"url\":\"https:\/\/www.subdeco.com\/bati\/manoeuvre\/cordon-tige\/\",\"name\":\"Stores \u00e0 man\u0153uvre Cordon-Tige | SubD\u00e9co B\u00e2ti\",\"isPartOf\":{\"@id\":\"https:\/\/www.subdeco.com\/bati\/#website\"},\"description\":\"Le syst\u00e8me cordon-tige est utilis\u00e9 pour orienter et relever les lames ou panneaux, notamment sur les stores v\u00e9nitiens ou \u00e0 bandes verticales. Il offre un double contr\u00f4le pr\u00e9cis tout en conservant un design fonctionnel, id\u00e9al pour les projets tertiaires ou collectifs.\",\"breadcrumb\":{\"@id\":\"https:\/\/www.subdeco.com\/bati\/manoeuvre\/cordon-tige\/#breadcrumb\"},\"inLanguage\":\"fr-FR\"},{\"@type\":\"BreadcrumbList\",\"@id\":\"https:\/\/www.subdeco.com\/bati\/manoeuvre\/cordon-tige\/#breadcrumb\",\"itemListElement\":[{\"@type\":\"ListItem\",\"position\":1,\"name\":\"Accueil\",\"item\":\"https:\/\/www.subdeco.com\/bati\/\"},{\"@type\":\"ListItem\",\"position\":2,\"name\":\"Cordon-Tige\"}]},{\"@type\":\"WebSite\",\"@id\":\"https:\/\/www.subdeco.com\/bati\/#website\",\"url\":\"https:\/\/www.subdeco.com\/bati\/\",\"name\":\"SubD\u00e9co\",\"description\":\"Conception sur-mesure de solution textile et protection solaire\",\"publisher\":{\"@id\":\"https:\/\/www.subdeco.com\/bati\/#organization\"},\"alternateName\":\"SubD\u00e9co - B\u00e2ti\",\"potentialAction\":[{\"@type\":\"SearchAction\",\"target\":{\"@type\":\"EntryPoint\",\"urlTemplate\":\"https:\/\/www.subdeco.com\/bati\/?s={search_term_string}\"},\"query-input\":{\"@type\":\"PropertyValueSpecification\",\"valueRequired\":true,\"valueName\":\"search_term_string\"}}],\"inLanguage\":\"fr-FR\"},{\"@type\":\"Organization\",\"@id\":\"https:\/\/www.subdeco.com\/bati\/#organization\",\"name\":\"SubD\u00e9co\",\"alternateName\":\"SubD\u00e9co - B\u00e2ti\",\"url\":\"https:\/\/www.subdeco.com\/bati\/\",\"logo\":{\"@type\":\"ImageObject\",\"inLanguage\":\"fr-FR\",\"@id\":\"https:\/\/www.subdeco.com\/bati\/#\/schema\/logo\/image\/\",\"url\":\"https:\/\/www.subdeco.com\/bati\/wp-content\/uploads\/sites\/2\/2021\/02\/shutterstock_236721541-comp.jpg\",\"contentUrl\":\"https:\/\/www.subdeco.com\/bati\/wp-content\/uploads\/sites\/2\/2021\/02\/shutterstock_236721541-comp.jpg\",\"width\":1500,\"height\":1000,\"caption\":\"SubD\u00e9co\"},\"image\":{\"@id\":\"https:\/\/www.subdeco.com\/bati\/#\/schema\/logo\/image\/\"},\"sameAs\":[\"https:\/\/www.linkedin.com\/company\/subdeco\"]}]}<\/script>\n<!-- \/ Yoast SEO plugin. -->","yoast_head_json":{"title":"Stores \u00e0 man\u0153uvre Cordon-Tige | SubD\u00e9co B\u00e2ti","description":"Le syst\u00e8me cordon-tige est utilis\u00e9 pour orienter et relever les lames ou panneaux, notamment sur les stores v\u00e9nitiens ou \u00e0 bandes verticales. Il offre un double contr\u00f4le pr\u00e9cis tout en conservant un design fonctionnel, id\u00e9al pour les projets tertiaires ou collectifs.","robots":{"index":"index","follow":"follow","max-snippet":"max-snippet:-1","max-image-preview":"max-image-preview:large","max-video-preview":"max-video-preview:-1"},"canonical":"https:\/\/www.subdeco.com\/bati\/manoeuvre\/cordon-tige\/","og_locale":"fr_FR","og_type":"article","og_title":"Stores \u00e0 man\u0153uvre Cordon-Tige | SubD\u00e9co B\u00e2ti","og_description":"Le syst\u00e8me cordon-tige est utilis\u00e9 pour orienter et relever les lames ou panneaux, notamment sur les stores v\u00e9nitiens ou \u00e0 bandes verticales. Il offre un double contr\u00f4le pr\u00e9cis tout en conservant un design fonctionnel, id\u00e9al pour les projets tertiaires ou collectifs.","og_url":"https:\/\/www.subdeco.com\/bati\/manoeuvre\/cordon-tige\/","og_site_name":"Subd\u00e9co - B\u00e2ti","og_image":[{"width":1500,"height":1000,"url":"https:\/\/www.subdeco.com\/bati\/wp-content\/uploads\/sites\/2\/2021\/02\/shutterstock_236721541-comp.jpg","type":"image\/jpeg"}],"twitter_card":"summary_large_image","schema":{"@context":"https:\/\/schema.org","@graph":[{"@type":"CollectionPage","@id":"https:\/\/www.subdeco.com\/bati\/manoeuvre\/cordon-tige\/","url":"https:\/\/www.subdeco.com\/bati\/manoeuvre\/cordon-tige\/","name":"Stores \u00e0 man\u0153uvre Cordon-Tige | SubD\u00e9co B\u00e2ti","isPartOf":{"@id":"https:\/\/www.subdeco.com\/bati\/#website"},"description":"Le syst\u00e8me cordon-tige est utilis\u00e9 pour orienter et relever les lames ou panneaux, notamment sur les stores v\u00e9nitiens ou \u00e0 bandes verticales. Il offre un double contr\u00f4le pr\u00e9cis tout en conservant un design fonctionnel, id\u00e9al pour les projets tertiaires ou collectifs.","breadcrumb":{"@id":"https:\/\/www.subdeco.com\/bati\/manoeuvre\/cordon-tige\/#breadcrumb"},"inLanguage":"fr-FR"},{"@type":"BreadcrumbList","@id":"https:\/\/www.subdeco.com\/bati\/manoeuvre\/cordon-tige\/#breadcrumb","itemListElement":[{"@type":"ListItem","position":1,"name":"Accueil","item":"https:\/\/www.subdeco.com\/bati\/"},{"@type":"ListItem","position":2,"name":"Cordon-Tige"}]},{"@type":"WebSite","@id":"https:\/\/www.subdeco.com\/bati\/#website","url":"https:\/\/www.subdeco.com\/bati\/","name":"SubD\u00e9co","description":"Conception sur-mesure de solution textile et protection solaire","publisher":{"@id":"https:\/\/www.subdeco.com\/bati\/#organization"},"alternateName":"SubD\u00e9co - B\u00e2ti","potentialAction":[{"@type":"SearchAction","target":{"@type":"EntryPoint","urlTemplate":"https:\/\/www.subdeco.com\/bati\/?s={search_term_string}"},"query-input":{"@type":"PropertyValueSpecification","valueRequired":true,"valueName":"search_term_string"}}],"inLanguage":"fr-FR"},{"@type":"Organization","@id":"https:\/\/www.subdeco.com\/bati\/#organization","name":"SubD\u00e9co","alternateName":"SubD\u00e9co - B\u00e2ti","url":"https:\/\/www.subdeco.com\/bati\/","logo":{"@type":"ImageObject","inLanguage":"fr-FR","@id":"https:\/\/www.subdeco.com\/bati\/#\/schema\/logo\/image\/","url":"https:\/\/www.subdeco.com\/bati\/wp-content\/uploads\/sites\/2\/2021\/02\/shutterstock_236721541-comp.jpg","contentUrl":"https:\/\/www.subdeco.com\/bati\/wp-content\/uploads\/sites\/2\/2021\/02\/shutterstock_236721541-comp.jpg","width":1500,"height":1000,"caption":"SubD\u00e9co"},"image":{"@id":"https:\/\/www.subdeco.com\/bati\/#\/schema\/logo\/image\/"},"sameAs":["https:\/\/www.linkedin.com\/company\/subdeco"]}]}},"_links":{"self":[{"href":"https:\/\/www.subdeco.com\/bati\/wp-json\/wp\/v2\/manoeuvre\/64","targetHints":{"allow":["GET"]}}],"collection":[{"href":"https:\/\/www.subdeco.com\/bati\/wp-json\/wp\/v2\/manoeuvre"}],"about":[{"href":"https:\/\/www.subdeco.com\/bati\/wp-json\/wp\/v2\/taxonomies\/manoeuvre"}],"wp:post_type":[{"href":"https:\/\/www.subdeco.com\/bati\/wp-json\/wp\/v2\/produit?manoeuvre=64"}],"curies":[{"name":"wp","href":"https:\/\/api.w.org\/{rel}","templated":true}]}}