{"id":57,"count":2,"description":"Les stores \u00e0 bandes verticales permettent un contr\u00f4le pr\u00e9cis de la lumi\u00e8re tout en apportant une touche contemporaine. Adapt\u00e9s aux grandes ouvertures ou aux espaces de travail, ils se d\u00e9clinent dans un large choix de tissus et coloris.","link":"https:\/\/www.subdeco.com\/deco\/produit_categorie\/stores-a-bandes-verticales\/","name":"Stores Bandes verticales","slug":"stores-a-bandes-verticales","taxonomy":"produit_categorie","parent":53,"meta":[],"yoast_head":"<!-- This site is optimized with the Yoast SEO plugin v26.9 - https:\/\/yoast.com\/product\/yoast-seo-wordpress\/ -->\n<title>Stores Bandes verticales | SubD\u00e9co D\u00e9co<\/title>\n<meta name=\"description\" content=\"Les stores \u00e0 bandes verticales permettent un contr\u00f4le pr\u00e9cis de la lumi\u00e8re tout en apportant une touche contemporaine. Adapt\u00e9s aux grandes ouvertures ou aux espaces de travail, ils se d\u00e9clinent dans un large choix de tissus et coloris.\" \/>\n<meta name=\"robots\" content=\"index, follow, max-snippet:-1, max-image-preview:large, max-video-preview:-1\" \/>\n<link rel=\"canonical\" href=\"https:\/\/www.subdeco.com\/deco\/produit_categorie\/stores-a-bandes-verticales\/\" \/>\n<meta property=\"og:locale\" content=\"fr_FR\" \/>\n<meta property=\"og:type\" content=\"article\" \/>\n<meta property=\"og:title\" content=\"Stores Bandes verticales | SubD\u00e9co D\u00e9co\" \/>\n<meta property=\"og:description\" content=\"Les stores \u00e0 bandes verticales permettent un contr\u00f4le pr\u00e9cis de la lumi\u00e8re tout en apportant une touche contemporaine. Adapt\u00e9s aux grandes ouvertures ou aux espaces de travail, ils se d\u00e9clinent dans un large choix de tissus et coloris.\" \/>\n<meta property=\"og:url\" content=\"https:\/\/www.subdeco.com\/deco\/produit_categorie\/stores-a-bandes-verticales\/\" \/>\n<meta property=\"og:site_name\" content=\"Subd\u00e9co - D\u00e9co\" \/>\n<meta property=\"og:image\" content=\"https:\/\/www.subdeco.com\/deco\/wp-content\/uploads\/2021\/03\/shutterstock_1832015656-comp.jpg\" \/>\n\t<meta property=\"og:image:width\" content=\"1500\" \/>\n\t<meta property=\"og:image:height\" content=\"1001\" \/>\n\t<meta property=\"og:image:type\" content=\"image\/jpeg\" \/>\n<meta name=\"twitter:card\" content=\"summary_large_image\" \/>\n<script type=\"application\/ld+json\" class=\"yoast-schema-graph\">{\"@context\":\"https:\/\/schema.org\",\"@graph\":[{\"@type\":\"CollectionPage\",\"@id\":\"https:\/\/www.subdeco.com\/deco\/produit_categorie\/stores-a-bandes-verticales\/\",\"url\":\"https:\/\/www.subdeco.com\/deco\/produit_categorie\/stores-a-bandes-verticales\/\",\"name\":\"Stores Bandes verticales | SubD\u00e9co D\u00e9co\",\"isPartOf\":{\"@id\":\"https:\/\/www.subdeco.com\/deco\/#website\"},\"description\":\"Les stores \u00e0 bandes verticales permettent un contr\u00f4le pr\u00e9cis de la lumi\u00e8re tout en apportant une touche contemporaine. Adapt\u00e9s aux grandes ouvertures ou aux espaces de travail, ils se d\u00e9clinent dans un large choix de tissus et coloris.\",\"breadcrumb\":{\"@id\":\"https:\/\/www.subdeco.com\/deco\/produit_categorie\/stores-a-bandes-verticales\/#breadcrumb\"},\"inLanguage\":\"fr-FR\"},{\"@type\":\"BreadcrumbList\",\"@id\":\"https:\/\/www.subdeco.com\/deco\/produit_categorie\/stores-a-bandes-verticales\/#breadcrumb\",\"itemListElement\":[{\"@type\":\"ListItem\",\"position\":1,\"name\":\"Accueil\",\"item\":\"https:\/\/www.subdeco.com\/deco\/\"},{\"@type\":\"ListItem\",\"position\":2,\"name\":\"Stores sur-mesure\",\"item\":\"https:\/\/www.subdeco.com\/deco\/produit_categorie\/stores-sur-mesure\/\"},{\"@type\":\"ListItem\",\"position\":3,\"name\":\"Stores Bandes verticales\"}]},{\"@type\":\"WebSite\",\"@id\":\"https:\/\/www.subdeco.com\/deco\/#website\",\"url\":\"https:\/\/www.subdeco.com\/deco\/\",\"name\":\"SubD\u00e9co\",\"description\":\"Fournitures tissus rails et stores pour cr\u00e9er vos int\u00e9rieurs textile.\",\"publisher\":{\"@id\":\"https:\/\/www.subdeco.com\/deco\/#organization\"},\"alternateName\":\"SubD\u00e9co - D\u00e9co\",\"potentialAction\":[{\"@type\":\"SearchAction\",\"target\":{\"@type\":\"EntryPoint\",\"urlTemplate\":\"https:\/\/www.subdeco.com\/deco\/?s={search_term_string}\"},\"query-input\":{\"@type\":\"PropertyValueSpecification\",\"valueRequired\":true,\"valueName\":\"search_term_string\"}}],\"inLanguage\":\"fr-FR\"},{\"@type\":\"Organization\",\"@id\":\"https:\/\/www.subdeco.com\/deco\/#organization\",\"name\":\"SubD\u00e9co\",\"alternateName\":\"SubD\u00e9co - D\u00e9co\",\"url\":\"https:\/\/www.subdeco.com\/deco\/\",\"logo\":{\"@type\":\"ImageObject\",\"inLanguage\":\"fr-FR\",\"@id\":\"https:\/\/www.subdeco.com\/deco\/#\/schema\/logo\/image\/\",\"url\":\"https:\/\/www.subdeco.com\/deco\/wp-content\/uploads\/2021\/03\/shutterstock_1832015656-comp.jpg\",\"contentUrl\":\"https:\/\/www.subdeco.com\/deco\/wp-content\/uploads\/2021\/03\/shutterstock_1832015656-comp.jpg\",\"width\":1500,\"height\":1001,\"caption\":\"SubD\u00e9co\"},\"image\":{\"@id\":\"https:\/\/www.subdeco.com\/deco\/#\/schema\/logo\/image\/\"},\"sameAs\":[\"https:\/\/www.linkedin.com\/company\/subdeco\"]}]}<\/script>\n<!-- \/ Yoast SEO plugin. -->","yoast_head_json":{"title":"Stores Bandes verticales | SubD\u00e9co D\u00e9co","description":"Les stores \u00e0 bandes verticales permettent un contr\u00f4le pr\u00e9cis de la lumi\u00e8re tout en apportant une touche contemporaine. Adapt\u00e9s aux grandes ouvertures ou aux espaces de travail, ils se d\u00e9clinent dans un large choix de tissus et coloris.","robots":{"index":"index","follow":"follow","max-snippet":"max-snippet:-1","max-image-preview":"max-image-preview:large","max-video-preview":"max-video-preview:-1"},"canonical":"https:\/\/www.subdeco.com\/deco\/produit_categorie\/stores-a-bandes-verticales\/","og_locale":"fr_FR","og_type":"article","og_title":"Stores Bandes verticales | SubD\u00e9co D\u00e9co","og_description":"Les stores \u00e0 bandes verticales permettent un contr\u00f4le pr\u00e9cis de la lumi\u00e8re tout en apportant une touche contemporaine. Adapt\u00e9s aux grandes ouvertures ou aux espaces de travail, ils se d\u00e9clinent dans un large choix de tissus et coloris.","og_url":"https:\/\/www.subdeco.com\/deco\/produit_categorie\/stores-a-bandes-verticales\/","og_site_name":"Subd\u00e9co - D\u00e9co","og_image":[{"width":1500,"height":1001,"url":"https:\/\/www.subdeco.com\/deco\/wp-content\/uploads\/2021\/03\/shutterstock_1832015656-comp.jpg","type":"image\/jpeg"}],"twitter_card":"summary_large_image","schema":{"@context":"https:\/\/schema.org","@graph":[{"@type":"CollectionPage","@id":"https:\/\/www.subdeco.com\/deco\/produit_categorie\/stores-a-bandes-verticales\/","url":"https:\/\/www.subdeco.com\/deco\/produit_categorie\/stores-a-bandes-verticales\/","name":"Stores Bandes verticales | SubD\u00e9co D\u00e9co","isPartOf":{"@id":"https:\/\/www.subdeco.com\/deco\/#website"},"description":"Les stores \u00e0 bandes verticales permettent un contr\u00f4le pr\u00e9cis de la lumi\u00e8re tout en apportant une touche contemporaine. Adapt\u00e9s aux grandes ouvertures ou aux espaces de travail, ils se d\u00e9clinent dans un large choix de tissus et coloris.","breadcrumb":{"@id":"https:\/\/www.subdeco.com\/deco\/produit_categorie\/stores-a-bandes-verticales\/#breadcrumb"},"inLanguage":"fr-FR"},{"@type":"BreadcrumbList","@id":"https:\/\/www.subdeco.com\/deco\/produit_categorie\/stores-a-bandes-verticales\/#breadcrumb","itemListElement":[{"@type":"ListItem","position":1,"name":"Accueil","item":"https:\/\/www.subdeco.com\/deco\/"},{"@type":"ListItem","position":2,"name":"Stores sur-mesure","item":"https:\/\/www.subdeco.com\/deco\/produit_categorie\/stores-sur-mesure\/"},{"@type":"ListItem","position":3,"name":"Stores Bandes verticales"}]},{"@type":"WebSite","@id":"https:\/\/www.subdeco.com\/deco\/#website","url":"https:\/\/www.subdeco.com\/deco\/","name":"SubD\u00e9co","description":"Fournitures tissus rails et stores pour cr\u00e9er vos int\u00e9rieurs textile.","publisher":{"@id":"https:\/\/www.subdeco.com\/deco\/#organization"},"alternateName":"SubD\u00e9co - D\u00e9co","potentialAction":[{"@type":"SearchAction","target":{"@type":"EntryPoint","urlTemplate":"https:\/\/www.subdeco.com\/deco\/?s={search_term_string}"},"query-input":{"@type":"PropertyValueSpecification","valueRequired":true,"valueName":"search_term_string"}}],"inLanguage":"fr-FR"},{"@type":"Organization","@id":"https:\/\/www.subdeco.com\/deco\/#organization","name":"SubD\u00e9co","alternateName":"SubD\u00e9co - D\u00e9co","url":"https:\/\/www.subdeco.com\/deco\/","logo":{"@type":"ImageObject","inLanguage":"fr-FR","@id":"https:\/\/www.subdeco.com\/deco\/#\/schema\/logo\/image\/","url":"https:\/\/www.subdeco.com\/deco\/wp-content\/uploads\/2021\/03\/shutterstock_1832015656-comp.jpg","contentUrl":"https:\/\/www.subdeco.com\/deco\/wp-content\/uploads\/2021\/03\/shutterstock_1832015656-comp.jpg","width":1500,"height":1001,"caption":"SubD\u00e9co"},"image":{"@id":"https:\/\/www.subdeco.com\/deco\/#\/schema\/logo\/image\/"},"sameAs":["https:\/\/www.linkedin.com\/company\/subdeco"]}]}},"_links":{"self":[{"href":"https:\/\/www.subdeco.com\/deco\/wp-json\/wp\/v2\/produit_categorie\/57","targetHints":{"allow":["GET"]}}],"collection":[{"href":"https:\/\/www.subdeco.com\/deco\/wp-json\/wp\/v2\/produit_categorie"}],"about":[{"href":"https:\/\/www.subdeco.com\/deco\/wp-json\/wp\/v2\/taxonomies\/produit_categorie"}],"up":[{"embeddable":true,"href":"https:\/\/www.subdeco.com\/deco\/wp-json\/wp\/v2\/produit_categorie\/53"}],"wp:post_type":[{"href":"https:\/\/www.subdeco.com\/deco\/wp-json\/wp\/v2\/produit?produit_categorie=57"}],"curies":[{"name":"wp","href":"https:\/\/api.w.org\/{rel}","templated":true}]}}